{"id":287,"date":"2020-02-29T08:36:50","date_gmt":"2020-02-29T07:36:50","guid":{"rendered":"http:\/\/pogorzyce.chrzanow.pl\/?p=287"},"modified":"2020-02-29T08:42:09","modified_gmt":"2020-02-29T07:42:09","slug":"ogloszenie-28-02-2020","status":"publish","type":"post","link":"http:\/\/pogorzyce.chrzanow.pl\/index.php\/ogloszenie-28-02-2020\/","title":{"rendered":"Og\u0142oszenie &#8211; 28.02.2020"},"content":{"rendered":"\n<p>So\u0142tys So\u0142ectwa Pogorzyce zaprasza mieszka\u0144c\u00f3w Pogorzyc<br>Na Zebranie Wiejskie w dniu <strong>15 marca 2020 roku o godz. 15.00<\/strong> w szkole w Pogorzycach.<\/p>\n\n\n\n<!--more-->\n\n\n\n<p>Proponowany porz\u0105dek zebrania:<br>1.Sprawozdanie z dzia\u0142alno\u015bci So\u0142tysa i Rady So\u0142eckiej w 2019 roku.<br>2.Inwestycje na terenie so\u0142ectwa Pogorzyce w 2020 roku.<br>3.Zapytania i wolne wnioski.<br><\/p>\n\n\n\n<p><br>So\u0142tys Pogorzyc informuje mieszka\u0144c\u00f3w, \u017ceb\u0119dzie zbierana I rata podatku w dniach:<br>5.03.2020 r. (czwartek) w godz. 10-17<br>6.03.2020 r.(pi\u0105tek) w godz. 14-17 (w domu u p. Roberta Szk\u00f3\u0142ka ul. Szymanowskiego 45)<br>11.03.2020 r.(\u015broda) w godz. 10-17<br>12.03.2020 r.(czwartek) w godz. 10-17<br>13.03.2020 r.(pi\u0105tek) w godz. 10-16<br>14.03.2020 r.(sobota) w godz. 10-14 (w domu so\u0142tysa ul. G\u00f3rnickiego 28)<br><\/p>\n","protected":false},"excerpt":{"rendered":"<p>So\u0142tys So\u0142ectwa Pogorzyce zaprasza mieszka\u0144c\u00f3w PogorzycNa Zebranie Wiejskie w dniu 15 marca 2020 roku o godz. 15.00 w szkole w Pogorzycach.<\/p>\n","protected":false},"author":4,"featured_media":0,"comment_status":"closed","ping_status":"open","sticky":false,"template":"","format":"standard","meta":{"footnotes":""},"categories":[1],"tags":[],"class_list":["post-287","post","type-post","status-publish","format-standard","hentry","category-bez-kategorii"],"_links":{"self":[{"href":"http:\/\/pogorzyce.chrzanow.pl\/index.php\/wp-json\/wp\/v2\/posts\/287","targetHints":{"allow":["GET"]}}],"collection":[{"href":"http:\/\/pogorzyce.chrzanow.pl\/index.php\/wp-json\/wp\/v2\/posts"}],"about":[{"href":"http:\/\/pogorzyce.chrzanow.pl\/index.php\/wp-json\/wp\/v2\/types\/post"}],"author":[{"embeddable":true,"href":"http:\/\/pogorzyce.chrzanow.pl\/index.php\/wp-json\/wp\/v2\/users\/4"}],"replies":[{"embeddable":true,"href":"http:\/\/pogorzyce.chrzanow.pl\/index.php\/wp-json\/wp\/v2\/comments?post=287"}],"version-history":[{"count":6,"href":"http:\/\/pogorzyce.chrzanow.pl\/index.php\/wp-json\/wp\/v2\/posts\/287\/revisions"}],"predecessor-version":[{"id":294,"href":"http:\/\/pogorzyce.chrzanow.pl\/index.php\/wp-json\/wp\/v2\/posts\/287\/revisions\/294"}],"wp:attachment":[{"href":"http:\/\/pogorzyce.chrzanow.pl\/index.php\/wp-json\/wp\/v2\/media?parent=287"}],"wp:term":[{"taxonomy":"category","embeddable":true,"href":"http:\/\/pogorzyce.chrzanow.pl\/index.php\/wp-json\/wp\/v2\/categories?post=287"},{"taxonomy":"post_tag","embeddable":true,"href":"http:\/\/pogorzyce.chrzanow.pl\/index.php\/wp-json\/wp\/v2\/tags?post=287"}],"curies":[{"name":"wp","href":"https:\/\/api.w.org\/{rel}","templated":true}]}}