{"id":279,"date":"2019-05-06T09:45:28","date_gmt":"2019-05-06T07:45:28","guid":{"rendered":"http:\/\/www.plaza24.eu\/pogorzyce_wp\/?p=279"},"modified":"2019-05-20T09:16:58","modified_gmt":"2019-05-20T07:16:58","slug":"ogloszenie-02-05-19","status":"publish","type":"post","link":"http:\/\/pogorzyce.chrzanow.pl\/index.php\/ogloszenie-02-05-19\/","title":{"rendered":"OG\u0141OSZENIE &#8211; 02.05.19"},"content":{"rendered":"\n<p> So\u0142tys Pogorzyc informuje mieszka\u0144c\u00f3w, \u017ce b\u0119dzie zbierana II rata podatku w dniach:&nbsp;<\/p>\n\n\n\n<p>9.05.2019 r. (czwartek) w godz. 10 &#8211; 17<br>10.05.2019 r. (pi\u0105tek) w godz. 14 &#8211; 17<br>(w domu u p. Roberta Szk\u00f3\u0142ka ul. Szymanowskiego 45)<\/p>\n\n\n\n<p>11.05.2019 r. (sobota) w godz. 10 &#8211; 13<br>14.05.2019 r. (wtorek) w godz. 15 &#8211; 18<br>15.05.2019 r. (\u015broda ) w godz. 10 &#8211; 18<br>(w domu so\u0142tysa ul. G\u00f3rnickiego 28 )<\/p>\n","protected":false},"excerpt":{"rendered":"<p>So\u0142tys Pogorzyc informuje mieszka\u0144c\u00f3w, \u017ce b\u0119dzie zbierana II rata podatku w dniach:&nbsp; 9.05.2019 r. (czwartek) w godz. 10 &#8211; 1710.05.2019 r. (pi\u0105tek) w godz. 14 &#8211; 17(w domu u p. Roberta Szk\u00f3\u0142ka ul. Szymanowskiego 45) 11.05.2019 r. (sobota) w godz. 10 &#8211; 1314.05.2019 r. (wtorek) w godz. 15 &#8211; 1815.05.2019 r. (\u015broda ) w godz. [&hellip;]<\/p>\n","protected":false},"author":4,"featured_media":0,"comment_status":"open","ping_status":"open","sticky":false,"template":"","format":"standard","meta":{"footnotes":""},"categories":[1],"tags":[],"class_list":["post-279","post","type-post","status-publish","format-standard","hentry","category-bez-kategorii"],"_links":{"self":[{"href":"http:\/\/pogorzyce.chrzanow.pl\/index.php\/wp-json\/wp\/v2\/posts\/279","targetHints":{"allow":["GET"]}}],"collection":[{"href":"http:\/\/pogorzyce.chrzanow.pl\/index.php\/wp-json\/wp\/v2\/posts"}],"about":[{"href":"http:\/\/pogorzyce.chrzanow.pl\/index.php\/wp-json\/wp\/v2\/types\/post"}],"author":[{"embeddable":true,"href":"http:\/\/pogorzyce.chrzanow.pl\/index.php\/wp-json\/wp\/v2\/users\/4"}],"replies":[{"embeddable":true,"href":"http:\/\/pogorzyce.chrzanow.pl\/index.php\/wp-json\/wp\/v2\/comments?post=279"}],"version-history":[{"count":2,"href":"http:\/\/pogorzyce.chrzanow.pl\/index.php\/wp-json\/wp\/v2\/posts\/279\/revisions"}],"predecessor-version":[{"id":282,"href":"http:\/\/pogorzyce.chrzanow.pl\/index.php\/wp-json\/wp\/v2\/posts\/279\/revisions\/282"}],"wp:attachment":[{"href":"http:\/\/pogorzyce.chrzanow.pl\/index.php\/wp-json\/wp\/v2\/media?parent=279"}],"wp:term":[{"taxonomy":"category","embeddable":true,"href":"http:\/\/pogorzyce.chrzanow.pl\/index.php\/wp-json\/wp\/v2\/categories?post=279"},{"taxonomy":"post_tag","embeddable":true,"href":"http:\/\/pogorzyce.chrzanow.pl\/index.php\/wp-json\/wp\/v2\/tags?post=279"}],"curies":[{"name":"wp","href":"https:\/\/api.w.org\/{rel}","templated":true}]}}