{"id":273,"date":"2019-05-06T09:42:54","date_gmt":"2019-05-06T07:42:54","guid":{"rendered":"http:\/\/www.plaza24.eu\/pogorzyce_wp\/?p=273"},"modified":"2019-05-06T09:42:56","modified_gmt":"2019-05-06T07:42:56","slug":"warsztaty-wielkanocne","status":"publish","type":"post","link":"http:\/\/pogorzyce.chrzanow.pl\/index.php\/warsztaty-wielkanocne\/","title":{"rendered":"Warsztaty wielkanocne"},"content":{"rendered":"\n<p>W pi\u0105tek 12 kwietnia br. w bibliotece odby\u0142y si\u0119 warsztaty wielkanoce. W spotkaniu wzi\u0119\u0142y udzia\u0142 dzieci z I i II klasy Szko\u0142y Podstawowej w Pogorzycach.<\/p>\n\n\n\n<p>Pod czujnym i fachowym okiem cz\u0142onki\u0144 Grupy Obrz\u0119dowo-\u015apiewaczej &#8222;Pogorzycanki&#8221; wykona\u0142y pi\u0119kne ozdoby wielkanocne: by\u0142y to kolorowe pisanki, wyklejanki i malowanki, kt\u00f3re to dzieci wezm\u0105 ze sob\u0105 do koszyczka wielkanocnego. Panie przynios\u0142y tak\u017ce w\u0142asnor\u0119czne ozdoby robione r\u00f3\u017cn\u0105 technik\u0105 np. haftowane ubranka na jaja, zdobione sznurkiem pisanki czy kurczaki z w\u0142\u00f3czki, kt\u00f3re wymagaj\u0105 ju\u017c wi\u0119kszego do\u015bwiadczenia i umiej\u0119tno\u015bci, aby je samodzielnie wykona\u0107. By\u0142o bardzo mi\u0142o i rado\u015bnie, a dzieci cieszy\u0142y si\u0119 ze swoich oryginalnych i ciekawych prac.<\/p>\n\n\n\n<ul class=\"wp-block-gallery columns-3 is-cropped wp-block-gallery-1 is-layout-flex wp-block-gallery-is-layout-flex\"><li class=\"blocks-gallery-item\"><figure><img loading=\"lazy\" decoding=\"async\" width=\"1024\" height=\"768\" src=\"http:\/\/www.plaza24.eu\/pogorzyce_wp\/wp-content\/uploads\/2019\/05\/IMG_0341-1024x768.jpg\" alt=\"\" data-id=\"274\" data-link=\"http:\/\/www.plaza24.eu\/pogorzyce_wp\/?attachment_id=274\" class=\"wp-image-274\" srcset=\"http:\/\/pogorzyce.chrzanow.pl\/wp-content\/uploads\/2019\/05\/IMG_0341-1024x768.jpg 1024w, http:\/\/pogorzyce.chrzanow.pl\/wp-content\/uploads\/2019\/05\/IMG_0341-300x225.jpg 300w, http:\/\/pogorzyce.chrzanow.pl\/wp-content\/uploads\/2019\/05\/IMG_0341-768x576.jpg 768w, http:\/\/pogorzyce.chrzanow.pl\/wp-content\/uploads\/2019\/05\/IMG_0341-820x615.jpg 820w, http:\/\/pogorzyce.chrzanow.pl\/wp-content\/uploads\/2019\/05\/IMG_0341.jpg 1280w\" sizes=\"auto, (max-width: 1024px) 100vw, 1024px\" \/><\/figure><\/li><li class=\"blocks-gallery-item\"><figure><img loading=\"lazy\" decoding=\"async\" width=\"1024\" height=\"768\" src=\"http:\/\/www.plaza24.eu\/pogorzyce_wp\/wp-content\/uploads\/2019\/05\/IMG_0342-1024x768.jpg\" alt=\"\" data-id=\"275\" data-link=\"http:\/\/www.plaza24.eu\/pogorzyce_wp\/?attachment_id=275\" class=\"wp-image-275\" srcset=\"http:\/\/pogorzyce.chrzanow.pl\/wp-content\/uploads\/2019\/05\/IMG_0342-1024x768.jpg 1024w, http:\/\/pogorzyce.chrzanow.pl\/wp-content\/uploads\/2019\/05\/IMG_0342-300x225.jpg 300w, http:\/\/pogorzyce.chrzanow.pl\/wp-content\/uploads\/2019\/05\/IMG_0342-768x576.jpg 768w, http:\/\/pogorzyce.chrzanow.pl\/wp-content\/uploads\/2019\/05\/IMG_0342-820x615.jpg 820w, http:\/\/pogorzyce.chrzanow.pl\/wp-content\/uploads\/2019\/05\/IMG_0342.jpg 1280w\" sizes=\"auto, (max-width: 1024px) 100vw, 1024px\" \/><\/figure><\/li><li class=\"blocks-gallery-item\"><figure><img decoding=\"async\" src=\"blob:http:\/\/www.plaza24.eu\/c72d7cfc-cd5b-4132-8e09-4fa14a6b2ebc\"\/><\/figure><\/li><li class=\"blocks-gallery-item\"><figure><img loading=\"lazy\" decoding=\"async\" width=\"1024\" height=\"768\" src=\"http:\/\/www.plaza24.eu\/pogorzyce_wp\/wp-content\/uploads\/2019\/05\/IMG_0332-1024x768.jpg\" alt=\"\" data-id=\"277\" data-link=\"http:\/\/www.plaza24.eu\/pogorzyce_wp\/?attachment_id=277\" class=\"wp-image-277\" srcset=\"http:\/\/pogorzyce.chrzanow.pl\/wp-content\/uploads\/2019\/05\/IMG_0332-1024x768.jpg 1024w, http:\/\/pogorzyce.chrzanow.pl\/wp-content\/uploads\/2019\/05\/IMG_0332-300x225.jpg 300w, http:\/\/pogorzyce.chrzanow.pl\/wp-content\/uploads\/2019\/05\/IMG_0332-768x576.jpg 768w, http:\/\/pogorzyce.chrzanow.pl\/wp-content\/uploads\/2019\/05\/IMG_0332-820x615.jpg 820w, http:\/\/pogorzyce.chrzanow.pl\/wp-content\/uploads\/2019\/05\/IMG_0332.jpg 1280w\" sizes=\"auto, (max-width: 1024px) 100vw, 1024px\" \/><\/figure><\/li><\/ul>\n\n\n\n<p><br><\/p>\n","protected":false},"excerpt":{"rendered":"<p>W pi\u0105tek 12 kwietnia br. w bibliotece odby\u0142y si\u0119 warsztaty wielkanoce. W spotkaniu wzi\u0119\u0142y udzia\u0142 dzieci z I i II klasy Szko\u0142y Podstawowej w Pogorzycach. Pod czujnym i fachowym okiem cz\u0142onki\u0144 Grupy Obrz\u0119dowo-\u015apiewaczej &#8222;Pogorzycanki&#8221; wykona\u0142y pi\u0119kne ozdoby wielkanocne: by\u0142y to kolorowe pisanki, wyklejanki i malowanki, kt\u00f3re to dzieci wezm\u0105 ze sob\u0105 do koszyczka wielkanocnego. Panie [&hellip;]<\/p>\n","protected":false},"author":4,"featured_media":277,"comment_status":"open","ping_status":"open","sticky":false,"template":"","format":"standard","meta":{"footnotes":""},"categories":[1],"tags":[],"class_list":["post-273","post","type-post","status-publish","format-standard","has-post-thumbnail","hentry","category-bez-kategorii"],"_links":{"self":[{"href":"http:\/\/pogorzyce.chrzanow.pl\/index.php\/wp-json\/wp\/v2\/posts\/273","targetHints":{"allow":["GET"]}}],"collection":[{"href":"http:\/\/pogorzyce.chrzanow.pl\/index.php\/wp-json\/wp\/v2\/posts"}],"about":[{"href":"http:\/\/pogorzyce.chrzanow.pl\/index.php\/wp-json\/wp\/v2\/types\/post"}],"author":[{"embeddable":true,"href":"http:\/\/pogorzyce.chrzanow.pl\/index.php\/wp-json\/wp\/v2\/users\/4"}],"replies":[{"embeddable":true,"href":"http:\/\/pogorzyce.chrzanow.pl\/index.php\/wp-json\/wp\/v2\/comments?post=273"}],"version-history":[{"count":1,"href":"http:\/\/pogorzyce.chrzanow.pl\/index.php\/wp-json\/wp\/v2\/posts\/273\/revisions"}],"predecessor-version":[{"id":278,"href":"http:\/\/pogorzyce.chrzanow.pl\/index.php\/wp-json\/wp\/v2\/posts\/273\/revisions\/278"}],"wp:featuredmedia":[{"embeddable":true,"href":"http:\/\/pogorzyce.chrzanow.pl\/index.php\/wp-json\/wp\/v2\/media\/277"}],"wp:attachment":[{"href":"http:\/\/pogorzyce.chrzanow.pl\/index.php\/wp-json\/wp\/v2\/media?parent=273"}],"wp:term":[{"taxonomy":"category","embeddable":true,"href":"http:\/\/pogorzyce.chrzanow.pl\/index.php\/wp-json\/wp\/v2\/categories?post=273"},{"taxonomy":"post_tag","embeddable":true,"href":"http:\/\/pogorzyce.chrzanow.pl\/index.php\/wp-json\/wp\/v2\/tags?post=273"}],"curies":[{"name":"wp","href":"https:\/\/api.w.org\/{rel}","templated":true}]}}